{"id":2330,"date":"2026-09-01T17:11:29","date_gmt":"2026-09-01T15:11:29","guid":{"rendered":"https:\/\/naturfreunde-giengen.de\/?p=2330"},"modified":"2026-09-01T17:11:29","modified_gmt":"2026-09-01T15:11:29","slug":"wanderung-am-tag-des-offenen-denkmals","status":"publish","type":"post","link":"https:\/\/naturfreunde-giengen.de\/?p=2330","title":{"rendered":"Wanderung am TAG DES OFFENEN DENKMALS"},"content":{"rendered":"\n<figure class=\"wp-block-image size-large\"><img loading=\"lazy\" decoding=\"async\" width=\"1250\" height=\"937\" src=\"https:\/\/naturfreunde-giengen.de\/wp-content\/uploads\/2026\/09\/Rauhreif-bearbeitet-1250x937.jpg\" alt=\"\" class=\"wp-image-2331\" srcset=\"https:\/\/naturfreunde-giengen.de\/wp-content\/uploads\/2026\/09\/Rauhreif-bearbeitet-1250x937.jpg 1250w, https:\/\/naturfreunde-giengen.de\/wp-content\/uploads\/2026\/09\/Rauhreif-bearbeitet-300x225.jpg 300w, https:\/\/naturfreunde-giengen.de\/wp-content\/uploads\/2026\/09\/Rauhreif-bearbeitet-150x112.jpg 150w, https:\/\/naturfreunde-giengen.de\/wp-content\/uploads\/2026\/09\/Rauhreif-bearbeitet-767x575.jpg 767w, https:\/\/naturfreunde-giengen.de\/wp-content\/uploads\/2026\/09\/Rauhreif-bearbeitet-600x450.jpg 600w, https:\/\/naturfreunde-giengen.de\/wp-content\/uploads\/2026\/09\/Rauhreif-bearbeitet-768x576.jpg 768w, https:\/\/naturfreunde-giengen.de\/wp-content\/uploads\/2026\/09\/Rauhreif-bearbeitet-1536x1151.jpg 1536w, https:\/\/naturfreunde-giengen.de\/wp-content\/uploads\/2026\/09\/Rauhreif-bearbeitet.jpg 1633w\" sizes=\"auto, (max-width: 1250px) 100vw, 1250px\" \/><\/figure>\n\n\n\n<p class=\"wp-block-paragraph\">Am Sonntag, 13.09., am Tag des offenen Denkmals wandern die Giengener Naturfreunde zur Burgruine Kaltenburg. Die leichte Wanderung mit einer L\u00e4nge von ca. 7 km beginnt um 13 Uhr am EDEKA-Parkplatz in der S\u00fcdstadt und f\u00fchrt vorbei am Industriepark A7 und H\u00fcrben zur Burgruine Kaltenburg. Wanderleiter ist Hans Mack. Die R\u00fcckfahrt erfolgt mit PKW in Fahrgemeinschaften.\u00a0<\/p>\n\n\n\n<p class=\"wp-block-paragraph\"><\/p>\n","protected":false},"excerpt":{"rendered":"<p>Am Sonntag, 13.09., am Tag des offenen Denkmals wandern die Giengener Naturfreunde zur Burgruine Kaltenburg. Die leichte Wanderung mit einer L\u00e4nge von ca. 7 km beginnt um 13 Uhr am EDEKA-Parkplatz in der S\u00fcdstadt und f\u00fchrt vorbei am Industriepark A7 und H\u00fcrben zur Burgruine Kaltenburg. Wanderleiter ist Hans Mack. Die R\u00fcckfahrt erfolgt mit PKW in&#8230;&nbsp;(<a href=\"https:\/\/naturfreunde-giengen.de\/?p=2330\">weiterlesen<\/a>)<\/p>\n","protected":false},"author":1,"featured_media":0,"comment_status":"closed","ping_status":"closed","sticky":false,"template":"","format":"standard","meta":{"two_page_speed":[],"footnotes":""},"categories":[7],"tags":[],"class_list":["post-2330","post","type-post","status-publish","format-standard","hentry","category-aktuelles"],"_links":{"self":[{"href":"https:\/\/naturfreunde-giengen.de\/index.php?rest_route=\/wp\/v2\/posts\/2330","targetHints":{"allow":["GET"]}}],"collection":[{"href":"https:\/\/naturfreunde-giengen.de\/index.php?rest_route=\/wp\/v2\/posts"}],"about":[{"href":"https:\/\/naturfreunde-giengen.de\/index.php?rest_route=\/wp\/v2\/types\/post"}],"author":[{"embeddable":true,"href":"https:\/\/naturfreunde-giengen.de\/index.php?rest_route=\/wp\/v2\/users\/1"}],"replies":[{"embeddable":true,"href":"https:\/\/naturfreunde-giengen.de\/index.php?rest_route=%2Fwp%2Fv2%2Fcomments&post=2330"}],"version-history":[{"count":1,"href":"https:\/\/naturfreunde-giengen.de\/index.php?rest_route=\/wp\/v2\/posts\/2330\/revisions"}],"predecessor-version":[{"id":2332,"href":"https:\/\/naturfreunde-giengen.de\/index.php?rest_route=\/wp\/v2\/posts\/2330\/revisions\/2332"}],"wp:attachment":[{"href":"https:\/\/naturfreunde-giengen.de\/index.php?rest_route=%2Fwp%2Fv2%2Fmedia&parent=2330"}],"wp:term":[{"taxonomy":"category","embeddable":true,"href":"https:\/\/naturfreunde-giengen.de\/index.php?rest_route=%2Fwp%2Fv2%2Fcategories&post=2330"},{"taxonomy":"post_tag","embeddable":true,"href":"https:\/\/naturfreunde-giengen.de\/index.php?rest_route=%2Fwp%2Fv2%2Ftags&post=2330"}],"curies":[{"name":"wp","href":"https:\/\/api.w.org\/{rel}","templated":true}]}}