{"id":2123,"date":"2025-02-11T17:17:03","date_gmt":"2025-02-11T15:17:03","guid":{"rendered":"https:\/\/naturfreunde-giengen.de\/?p=2123"},"modified":"2025-02-11T17:17:03","modified_gmt":"2025-02-11T15:17:03","slug":"wanderung-um-den-heuhof","status":"publish","type":"post","link":"https:\/\/naturfreunde-giengen.de\/?p=2123","title":{"rendered":"Wanderung um den Heuhof"},"content":{"rendered":"\n<p>Am kommenden Sonntag, 16. Februar, treffen sich die NaturFreunde um 13:00 Uhr bei dem Realschulparkplatz zu einer Wanderung\u00a0 rund um den Heuhoff.\u00a0\u00a0 Nach kurzer Fahrt bis zum Parkplatz am Waldrand geht die Wanderung \u00fcber den Asbachhof zum Heuhof und wieder zur\u00fcck. Die Wanderung wird von Hermann Eberhard geleitet. G\u00e4ste sind willkommen.<\/p>\n","protected":false},"excerpt":{"rendered":"<p>Am kommenden Sonntag, 16. Februar, treffen sich die NaturFreunde um 13:00 Uhr bei dem Realschulparkplatz zu einer Wanderung\u00a0 rund um den Heuhoff.\u00a0\u00a0 Nach kurzer Fahrt bis zum Parkplatz am Waldrand geht die Wanderung \u00fcber den Asbachhof zum Heuhof und wieder zur\u00fcck. Die Wanderung wird von Hermann Eberhard geleitet. G\u00e4ste sind willkommen.<\/p>\n","protected":false},"author":1,"featured_media":0,"comment_status":"closed","ping_status":"closed","sticky":false,"template":"","format":"standard","meta":{"two_page_speed":[],"footnotes":""},"categories":[7],"tags":[],"class_list":["post-2123","post","type-post","status-publish","format-standard","hentry","category-aktuelles"],"_links":{"self":[{"href":"https:\/\/naturfreunde-giengen.de\/index.php?rest_route=\/wp\/v2\/posts\/2123","targetHints":{"allow":["GET"]}}],"collection":[{"href":"https:\/\/naturfreunde-giengen.de\/index.php?rest_route=\/wp\/v2\/posts"}],"about":[{"href":"https:\/\/naturfreunde-giengen.de\/index.php?rest_route=\/wp\/v2\/types\/post"}],"author":[{"embeddable":true,"href":"https:\/\/naturfreunde-giengen.de\/index.php?rest_route=\/wp\/v2\/users\/1"}],"replies":[{"embeddable":true,"href":"https:\/\/naturfreunde-giengen.de\/index.php?rest_route=%2Fwp%2Fv2%2Fcomments&post=2123"}],"version-history":[{"count":1,"href":"https:\/\/naturfreunde-giengen.de\/index.php?rest_route=\/wp\/v2\/posts\/2123\/revisions"}],"predecessor-version":[{"id":2124,"href":"https:\/\/naturfreunde-giengen.de\/index.php?rest_route=\/wp\/v2\/posts\/2123\/revisions\/2124"}],"wp:attachment":[{"href":"https:\/\/naturfreunde-giengen.de\/index.php?rest_route=%2Fwp%2Fv2%2Fmedia&parent=2123"}],"wp:term":[{"taxonomy":"category","embeddable":true,"href":"https:\/\/naturfreunde-giengen.de\/index.php?rest_route=%2Fwp%2Fv2%2Fcategories&post=2123"},{"taxonomy":"post_tag","embeddable":true,"href":"https:\/\/naturfreunde-giengen.de\/index.php?rest_route=%2Fwp%2Fv2%2Ftags&post=2123"}],"curies":[{"name":"wp","href":"https:\/\/api.w.org\/{rel}","templated":true}]}}