{"id":2080,"date":"2024-12-04T16:56:49","date_gmt":"2024-12-04T14:56:49","guid":{"rendered":"https:\/\/naturfreunde-giengen.de\/?p=2080"},"modified":"2024-12-07T17:30:38","modified_gmt":"2024-12-07T15:30:38","slug":"jahresabschuss-der-naturfreunde-giengen-2","status":"publish","type":"post","link":"https:\/\/naturfreunde-giengen.de\/?p=2080","title":{"rendered":"Jahresabschuss der NaturFreunde Giengen"},"content":{"rendered":"\n<p class=\"has-background\" style=\"background:radial-gradient(rgb(6,147,227) 0%,rgb(242,226,226) 100%)\">Das Jahr neigt sich dem Ende zu, Zeit f\u00fcr einen gemeinsamen R\u00fcckblick. Am Samstag den 14.12.2023 findet die Jahresabschlussfeier der NaturFreunde Giengen um 18:00 Uhr im Hasenloch statt. Die Mandolinengruppe des Vereins wird den Abend musikalisch begleiten und die Fotogruppe gestaltet mit Bildern aus dem vergangenen Jahr einen R\u00fcckblick. Gaby Streicher wird mit besinnlichen Worten auf das Jahr zur\u00fcckblicken. Im Rahmen der Jahresabschussfeier werden auch unsere Jubilare f\u00fcr ihre langj\u00e4hrige Treue geehrt. Willkommen sind uns auch G\u00e4ste die Interesse an der Arbeit der NaturFreunde haben.<\/p>\n\n\n\n<p><\/p>\n","protected":false},"excerpt":{"rendered":"<p>Das Jahr neigt sich dem Ende zu, Zeit f\u00fcr einen gemeinsamen R\u00fcckblick. Am Samstag den 14.12.2023 findet die Jahresabschlussfeier der NaturFreunde Giengen um 18:00 Uhr im Hasenloch statt. Die Mandolinengruppe des Vereins wird den Abend musikalisch begleiten und die Fotogruppe gestaltet mit Bildern aus dem vergangenen Jahr einen R\u00fcckblick. Gaby Streicher wird mit besinnlichen Worten&#8230;&nbsp;(<a href=\"https:\/\/naturfreunde-giengen.de\/?p=2080\">weiterlesen<\/a>)<\/p>\n","protected":false},"author":1,"featured_media":0,"comment_status":"closed","ping_status":"closed","sticky":false,"template":"","format":"standard","meta":{"two_page_speed":[],"footnotes":""},"categories":[7],"tags":[],"class_list":["post-2080","post","type-post","status-publish","format-standard","hentry","category-aktuelles"],"_links":{"self":[{"href":"https:\/\/naturfreunde-giengen.de\/index.php?rest_route=\/wp\/v2\/posts\/2080","targetHints":{"allow":["GET"]}}],"collection":[{"href":"https:\/\/naturfreunde-giengen.de\/index.php?rest_route=\/wp\/v2\/posts"}],"about":[{"href":"https:\/\/naturfreunde-giengen.de\/index.php?rest_route=\/wp\/v2\/types\/post"}],"author":[{"embeddable":true,"href":"https:\/\/naturfreunde-giengen.de\/index.php?rest_route=\/wp\/v2\/users\/1"}],"replies":[{"embeddable":true,"href":"https:\/\/naturfreunde-giengen.de\/index.php?rest_route=%2Fwp%2Fv2%2Fcomments&post=2080"}],"version-history":[{"count":3,"href":"https:\/\/naturfreunde-giengen.de\/index.php?rest_route=\/wp\/v2\/posts\/2080\/revisions"}],"predecessor-version":[{"id":2083,"href":"https:\/\/naturfreunde-giengen.de\/index.php?rest_route=\/wp\/v2\/posts\/2080\/revisions\/2083"}],"wp:attachment":[{"href":"https:\/\/naturfreunde-giengen.de\/index.php?rest_route=%2Fwp%2Fv2%2Fmedia&parent=2080"}],"wp:term":[{"taxonomy":"category","embeddable":true,"href":"https:\/\/naturfreunde-giengen.de\/index.php?rest_route=%2Fwp%2Fv2%2Fcategories&post=2080"},{"taxonomy":"post_tag","embeddable":true,"href":"https:\/\/naturfreunde-giengen.de\/index.php?rest_route=%2Fwp%2Fv2%2Ftags&post=2080"}],"curies":[{"name":"wp","href":"https:\/\/api.w.org\/{rel}","templated":true}]}}