{"id":2068,"date":"2024-11-07T16:37:03","date_gmt":"2024-11-07T14:37:03","guid":{"rendered":"http:\/\/naturfreunde-giengen.de\/?p=2068"},"modified":"2024-11-07T16:38:08","modified_gmt":"2024-11-07T14:38:08","slug":"75-jahre-naturfreundehaus-hasenloch-und-eine-vernissage","status":"publish","type":"post","link":"https:\/\/naturfreunde-giengen.de\/?p=2068","title":{"rendered":"75 Jahre Naturfreundehaus Hasenloch und eine Vernissage"},"content":{"rendered":"\n<figure class=\"wp-block-image size-large\"><img loading=\"lazy\" decoding=\"async\" width=\"1250\" height=\"875\" src=\"http:\/\/naturfreunde-giengen.de\/wp-content\/uploads\/2024\/11\/Hasenloch-im-Winter-1952-b-1250x875.jpg\" alt=\"\" class=\"wp-image-2069\" srcset=\"https:\/\/naturfreunde-giengen.de\/wp-content\/uploads\/2024\/11\/Hasenloch-im-Winter-1952-b-1250x875.jpg 1250w, https:\/\/naturfreunde-giengen.de\/wp-content\/uploads\/2024\/11\/Hasenloch-im-Winter-1952-b-300x210.jpg 300w, https:\/\/naturfreunde-giengen.de\/wp-content\/uploads\/2024\/11\/Hasenloch-im-Winter-1952-b-768x538.jpg 768w, https:\/\/naturfreunde-giengen.de\/wp-content\/uploads\/2024\/11\/Hasenloch-im-Winter-1952-b-1536x1076.jpg 1536w, https:\/\/naturfreunde-giengen.de\/wp-content\/uploads\/2024\/11\/Hasenloch-im-Winter-1952-b-2048x1434.jpg 2048w, https:\/\/naturfreunde-giengen.de\/wp-content\/uploads\/2024\/11\/Hasenloch-im-Winter-1952-b-150x105.jpg 150w, https:\/\/naturfreunde-giengen.de\/wp-content\/uploads\/2024\/11\/Hasenloch-im-Winter-1952-b-600x420.jpg 600w\" sizes=\"auto, (max-width: 1250px) 100vw, 1250px\" \/><\/figure>\n\n\n\n<p class=\"has-light-green-cyan-to-vivid-green-cyan-gradient-background has-background has-medium-font-size\">Die Giengener NaturFreunde laden am <strong>Samstag, 16.11.24 um 15 Uhr<\/strong> zu einer Feier zum <strong>75-j\u00e4hrigen Bestehen<\/strong> des Vereinsheims verbunden mit einer <strong>Vernissage<\/strong> ins Hasenloch ein. Hans Mack wird einen \u00dcberblick \u00fcber die Entstehung des Hauses und die Ver\u00e4nderungen am Haus und dem Au\u00dfengel\u00e4nde in den 75 Jahren geben. Das Haus wurde von der Er\u00f6ffnung bis heute von der Naturfreunde-Ortsgruppe ehrenamtlich bewirtschaftet. Anschlie\u00dfend stellen sich die K\u00fcnstlerinnen vor, die sich mittwochs im und ums Hasenloch herum zum Malen treffen. Sie werden eine Auswahl ihrer Bilder pr\u00e4sentieren. Bernd Sick wird die Veranstaltung mit der Zither musikalisch umrahmen.<\/p>\n\n\n\n<p class=\"has-background has-medium-font-size\" style=\"background:radial-gradient(rgb(122,220,180) 0%,rgb(0,208,130) 88%)\">Ein Teil der gezeigten Bilder wird in den n\u00e4chsten Wochen die W\u00e4nde des als Ausflugsziel beliebten Naturfreundehauses zieren. Auch in den Wintermonaten ist das Haus regelm\u00e4\u00dfig am Mittwoch und Sonntag Nachmittag f\u00fcr Besucher ge\u00f6ffnet.<\/p>\n","protected":false},"excerpt":{"rendered":"<p>Die Giengener NaturFreunde laden am Samstag, 16.11.24 um 15 Uhr zu einer Feier zum 75-j\u00e4hrigen Bestehen des Vereinsheims verbunden mit einer Vernissage ins Hasenloch ein. Hans Mack wird einen \u00dcberblick \u00fcber die Entstehung des Hauses und die Ver\u00e4nderungen am Haus und dem Au\u00dfengel\u00e4nde in den 75 Jahren geben. Das Haus wurde von der Er\u00f6ffnung bis&#8230;&nbsp;(<a href=\"https:\/\/naturfreunde-giengen.de\/?p=2068\">weiterlesen<\/a>)<\/p>\n","protected":false},"author":1,"featured_media":0,"comment_status":"closed","ping_status":"closed","sticky":false,"template":"","format":"standard","meta":{"two_page_speed":[],"footnotes":""},"categories":[7],"tags":[],"class_list":["post-2068","post","type-post","status-publish","format-standard","hentry","category-aktuelles"],"_links":{"self":[{"href":"https:\/\/naturfreunde-giengen.de\/index.php?rest_route=\/wp\/v2\/posts\/2068","targetHints":{"allow":["GET"]}}],"collection":[{"href":"https:\/\/naturfreunde-giengen.de\/index.php?rest_route=\/wp\/v2\/posts"}],"about":[{"href":"https:\/\/naturfreunde-giengen.de\/index.php?rest_route=\/wp\/v2\/types\/post"}],"author":[{"embeddable":true,"href":"https:\/\/naturfreunde-giengen.de\/index.php?rest_route=\/wp\/v2\/users\/1"}],"replies":[{"embeddable":true,"href":"https:\/\/naturfreunde-giengen.de\/index.php?rest_route=%2Fwp%2Fv2%2Fcomments&post=2068"}],"version-history":[{"count":2,"href":"https:\/\/naturfreunde-giengen.de\/index.php?rest_route=\/wp\/v2\/posts\/2068\/revisions"}],"predecessor-version":[{"id":2071,"href":"https:\/\/naturfreunde-giengen.de\/index.php?rest_route=\/wp\/v2\/posts\/2068\/revisions\/2071"}],"wp:attachment":[{"href":"https:\/\/naturfreunde-giengen.de\/index.php?rest_route=%2Fwp%2Fv2%2Fmedia&parent=2068"}],"wp:term":[{"taxonomy":"category","embeddable":true,"href":"https:\/\/naturfreunde-giengen.de\/index.php?rest_route=%2Fwp%2Fv2%2Fcategories&post=2068"},{"taxonomy":"post_tag","embeddable":true,"href":"https:\/\/naturfreunde-giengen.de\/index.php?rest_route=%2Fwp%2Fv2%2Ftags&post=2068"}],"curies":[{"name":"wp","href":"https:\/\/api.w.org\/{rel}","templated":true}]}}