{"id":1890,"date":"2023-10-09T16:03:36","date_gmt":"2023-10-09T14:03:36","guid":{"rendered":"http:\/\/naturfreunde-giengen.de\/?p=1890"},"modified":"2023-10-09T16:03:36","modified_gmt":"2023-10-09T14:03:36","slug":"madeira-die-blumeninsel","status":"publish","type":"post","link":"https:\/\/naturfreunde-giengen.de\/?p=1890","title":{"rendered":"Madeira \u2013 die Blumeninsel"},"content":{"rendered":"\n<p class=\"has-background\" style=\"background:radial-gradient(rgba(252,185,0,1) 0%,rgba(255,105,0,1) 100%)\">Die NaturFreunde Giengen\/Brenz laden Samstag den 14. Oktober um 19:00 Uhr im Hasenloch zu einem Bildervortrag \u00fcber die Insel Madeira ein. \u00a0Die Fotoaufnahmen dieser wundersch\u00f6nen portugiesischen Insel, machen Lust ebenfalls dorthin zu reisen. Erleben Sie die traumhafte Landschaft mit Bergen, schluchtigen T\u00e4lern, versteckten Bergd\u00f6rfern und einer einzigartigen Pflanzenwelt durch die Fotos von G\u00fcnther Ruo\u00df. Die Blumeninsel Madeira wird auch die \u201eKaribik Europas\u201c genannt, alles ist saftig gr\u00fcn, Blumen bl\u00fchen, Zitronen und Maracuja-B\u00e4ume strahlen in leuchtenden Farben. G\u00e4ste sind herzlich willkommen.<\/p>\n","protected":false},"excerpt":{"rendered":"<p>Die NaturFreunde Giengen\/Brenz laden Samstag den 14. Oktober um 19:00 Uhr im Hasenloch zu einem Bildervortrag \u00fcber die Insel Madeira ein. \u00a0Die Fotoaufnahmen dieser wundersch\u00f6nen portugiesischen Insel, machen Lust ebenfalls dorthin zu reisen. Erleben Sie die traumhafte Landschaft mit Bergen, schluchtigen T\u00e4lern, versteckten Bergd\u00f6rfern und einer einzigartigen Pflanzenwelt durch die Fotos von G\u00fcnther Ruo\u00df. Die&#8230;&nbsp;(<a href=\"https:\/\/naturfreunde-giengen.de\/?p=1890\">weiterlesen<\/a>)<\/p>\n","protected":false},"author":1,"featured_media":0,"comment_status":"closed","ping_status":"closed","sticky":false,"template":"","format":"standard","meta":{"two_page_speed":[],"footnotes":""},"categories":[7],"tags":[],"class_list":["post-1890","post","type-post","status-publish","format-standard","hentry","category-aktuelles"],"_links":{"self":[{"href":"https:\/\/naturfreunde-giengen.de\/index.php?rest_route=\/wp\/v2\/posts\/1890","targetHints":{"allow":["GET"]}}],"collection":[{"href":"https:\/\/naturfreunde-giengen.de\/index.php?rest_route=\/wp\/v2\/posts"}],"about":[{"href":"https:\/\/naturfreunde-giengen.de\/index.php?rest_route=\/wp\/v2\/types\/post"}],"author":[{"embeddable":true,"href":"https:\/\/naturfreunde-giengen.de\/index.php?rest_route=\/wp\/v2\/users\/1"}],"replies":[{"embeddable":true,"href":"https:\/\/naturfreunde-giengen.de\/index.php?rest_route=%2Fwp%2Fv2%2Fcomments&post=1890"}],"version-history":[{"count":1,"href":"https:\/\/naturfreunde-giengen.de\/index.php?rest_route=\/wp\/v2\/posts\/1890\/revisions"}],"predecessor-version":[{"id":1891,"href":"https:\/\/naturfreunde-giengen.de\/index.php?rest_route=\/wp\/v2\/posts\/1890\/revisions\/1891"}],"wp:attachment":[{"href":"https:\/\/naturfreunde-giengen.de\/index.php?rest_route=%2Fwp%2Fv2%2Fmedia&parent=1890"}],"wp:term":[{"taxonomy":"category","embeddable":true,"href":"https:\/\/naturfreunde-giengen.de\/index.php?rest_route=%2Fwp%2Fv2%2Fcategories&post=1890"},{"taxonomy":"post_tag","embeddable":true,"href":"https:\/\/naturfreunde-giengen.de\/index.php?rest_route=%2Fwp%2Fv2%2Ftags&post=1890"}],"curies":[{"name":"wp","href":"https:\/\/api.w.org\/{rel}","templated":true}]}}