{"id":1888,"date":"2023-10-07T22:04:24","date_gmt":"2023-10-07T20:04:24","guid":{"rendered":"http:\/\/naturfreunde-giengen.de\/?p=1888"},"modified":"2023-10-07T22:04:24","modified_gmt":"2023-10-07T20:04:24","slug":"naturfreunde-wandern-auf-dem-alblschaeferweg","status":"publish","type":"post","link":"https:\/\/naturfreunde-giengen.de\/?p=1888","title":{"rendered":"NaturFreunde wandern auf dem Alblsch\u00e4ferweg"},"content":{"rendered":"\n<p><\/p>\n\n\n\n<p><br>Am Sonntag 8. Oktober wandern die Giengener Naturfreunde auf dem Albsch\u00e4ferweg mit dem Wanderleiter Hans Mack von Gerstetten nach Sontheim\/Stubental. Treffpunkt zur Abfahrt mit PKWs ist um 10 Uhr am Realschulparkplatz. Die Tour geht zun\u00e4chst zum Gerstetter Wasserturm, der bestiegen werden kann und einen Rundblick \u00fcber die Albhochfl\u00e4che und teilweise bis in die Alpen bietet. Die etwa 12 km lange Strecke f\u00fchrt vorbei an Erpfenhausen \u00fcber K\u00fcpfendort zum Sontheimer Wirtsh\u00e4usle. Die R\u00fcckfahrt zur\u00fcck nach Gerstetten erfolgt mit dem Bus. Die reine Gehzeit betr\u00e4gt etwa 3 Stunden. Festes Schuhwerk und Rucksackvesper ist erforderlich. G\u00e4ste sind willkommen.<\/p>\n","protected":false},"excerpt":{"rendered":"<p>Am Sonntag 8. Oktober wandern die Giengener Naturfreunde auf dem Albsch\u00e4ferweg mit dem Wanderleiter Hans Mack von Gerstetten nach Sontheim\/Stubental. Treffpunkt zur Abfahrt mit PKWs ist um 10 Uhr am Realschulparkplatz. Die Tour geht zun\u00e4chst zum Gerstetter Wasserturm, der bestiegen werden kann und einen Rundblick \u00fcber die Albhochfl\u00e4che und teilweise bis in die Alpen bietet&#8230;.&nbsp;(<a href=\"https:\/\/naturfreunde-giengen.de\/?p=1888\">weiterlesen<\/a>)<\/p>\n","protected":false},"author":1,"featured_media":0,"comment_status":"closed","ping_status":"closed","sticky":false,"template":"","format":"standard","meta":{"two_page_speed":[],"footnotes":""},"categories":[7],"tags":[],"class_list":["post-1888","post","type-post","status-publish","format-standard","hentry","category-aktuelles"],"_links":{"self":[{"href":"https:\/\/naturfreunde-giengen.de\/index.php?rest_route=\/wp\/v2\/posts\/1888","targetHints":{"allow":["GET"]}}],"collection":[{"href":"https:\/\/naturfreunde-giengen.de\/index.php?rest_route=\/wp\/v2\/posts"}],"about":[{"href":"https:\/\/naturfreunde-giengen.de\/index.php?rest_route=\/wp\/v2\/types\/post"}],"author":[{"embeddable":true,"href":"https:\/\/naturfreunde-giengen.de\/index.php?rest_route=\/wp\/v2\/users\/1"}],"replies":[{"embeddable":true,"href":"https:\/\/naturfreunde-giengen.de\/index.php?rest_route=%2Fwp%2Fv2%2Fcomments&post=1888"}],"version-history":[{"count":1,"href":"https:\/\/naturfreunde-giengen.de\/index.php?rest_route=\/wp\/v2\/posts\/1888\/revisions"}],"predecessor-version":[{"id":1889,"href":"https:\/\/naturfreunde-giengen.de\/index.php?rest_route=\/wp\/v2\/posts\/1888\/revisions\/1889"}],"wp:attachment":[{"href":"https:\/\/naturfreunde-giengen.de\/index.php?rest_route=%2Fwp%2Fv2%2Fmedia&parent=1888"}],"wp:term":[{"taxonomy":"category","embeddable":true,"href":"https:\/\/naturfreunde-giengen.de\/index.php?rest_route=%2Fwp%2Fv2%2Fcategories&post=1888"},{"taxonomy":"post_tag","embeddable":true,"href":"https:\/\/naturfreunde-giengen.de\/index.php?rest_route=%2Fwp%2Fv2%2Ftags&post=1888"}],"curies":[{"name":"wp","href":"https:\/\/api.w.org\/{rel}","templated":true}]}}