{"id":2003,"date":"2024-08-15T16:19:33","date_gmt":"2024-08-15T14:19:33","guid":{"rendered":"http:\/\/naturfreunde-giengen.de\/?p=2003"},"modified":"2024-08-15T16:19:33","modified_gmt":"2024-08-15T14:19:33","slug":"weisswurstfruehschoppen-beim-hasenloch","status":"publish","type":"post","link":"http:\/\/naturfreunde-giengen.de\/?p=2003","title":{"rendered":"Wei\u00dfwurstfr\u00fchschoppen beim Hasenloch"},"content":{"rendered":"\n<figure class=\"wp-block-image size-large\"><img loading=\"lazy\" decoding=\"async\" width=\"1250\" height=\"833\" src=\"http:\/\/naturfreunde-giengen.de\/wp-content\/uploads\/2024\/08\/230709-0041-1250x833.jpg\" alt=\"\" class=\"wp-image-2004\" srcset=\"http:\/\/naturfreunde-giengen.de\/wp-content\/uploads\/2024\/08\/230709-0041-1250x833.jpg 1250w, http:\/\/naturfreunde-giengen.de\/wp-content\/uploads\/2024\/08\/230709-0041-300x200.jpg 300w, http:\/\/naturfreunde-giengen.de\/wp-content\/uploads\/2024\/08\/230709-0041-768x511.jpg 768w, http:\/\/naturfreunde-giengen.de\/wp-content\/uploads\/2024\/08\/230709-0041-1536x1023.jpg 1536w, http:\/\/naturfreunde-giengen.de\/wp-content\/uploads\/2024\/08\/230709-0041-2048x1364.jpg 2048w, http:\/\/naturfreunde-giengen.de\/wp-content\/uploads\/2024\/08\/230709-0041-150x100.jpg 150w, http:\/\/naturfreunde-giengen.de\/wp-content\/uploads\/2024\/08\/230709-0041-600x400.jpg 600w\" sizes=\"auto, (max-width: 1250px) 100vw, 1250px\" \/><\/figure>\n\n\n\n<p class=\"has-background\" style=\"background:linear-gradient(135deg,rgb(255,245,203) 0%,rgb(182,227,212) 79%,rgb(51,167,181) 100%)\">Am <strong>Sonntag den 1.September<\/strong> findet rund um das Hasenloch der traditionelle Wei\u00dfwurstfr\u00fchschoppen statt.<\/p>\n\n\n\n<p class=\"has-background\" style=\"background:linear-gradient(135deg,rgb(255,245,203) 0%,rgb(182,227,212) 79%,rgb(51,167,181) 100%)\"><strong>Beginn ist um 9:30 Uhr<\/strong>.\u00a0 Wie immer ist bestens f\u00fcr das leibliche Wohl der Besucher gesorgt. Mit Weizen vom Fass, leckerer Wei\u00dfwurst vom regionalen Metzger und Brezeln. Nat\u00fcrlich haben wir auch an Vegetarier gedacht.\u00a0 Auch Kaffee und Kuchen werden angeboten. Ob in der Sonne oder ein schattiges Pl\u00e4tzchen unter B\u00e4umen kann sich jeder aussuchen. Sollte das Wetter nicht ganz so gut sein, steht ein Zelt zur Verf\u00fcgung. Nat\u00fcrlich ist auch unser Spielplatz f\u00fcr einen gro\u00dfen Ansturm ger\u00fcstet.<\/p>\n\n\n\n<p class=\"has-background\" style=\"background:linear-gradient(135deg,rgb(255,245,203) 0%,rgb(182,227,212) 79%,rgb(51,167,181) 100%)\">Die musikalische Umrahmung gestaltet die <strong>\u201eFelsen-Combo\u201c<\/strong>. Vier Musiker des ehemaligen \u201eFelsen-Express\u201c haben sich nach einem Jahr Pause entschlossen weiterzumachen. Mit neuem Namen \u201eFelsen-Combo\u201c und zwei neuen Musikern wird an die Tradition des Felsen-Express angekn\u00fcpft. Bekannte Schlager und Oldies, auch zum Mitsingen stehen auf dem Programm. Ein unterhaltsamer Vormittag ist garantiert. Kein Fan darf diesen Auftritt vers\u00e4umen.<\/p>\n","protected":false},"excerpt":{"rendered":"<p>Am Sonntag den 1.September findet rund um das Hasenloch der traditionelle Wei\u00dfwurstfr\u00fchschoppen statt. Beginn ist um 9:30 Uhr.\u00a0 Wie immer ist bestens f\u00fcr das leibliche Wohl der Besucher gesorgt. Mit Weizen vom Fass, leckerer Wei\u00dfwurst vom regionalen Metzger und Brezeln. Nat\u00fcrlich haben wir auch an Vegetarier gedacht.\u00a0 Auch Kaffee und Kuchen werden angeboten. Ob in&#8230;&nbsp;(<a href=\"http:\/\/naturfreunde-giengen.de\/?p=2003\">weiterlesen<\/a>)<\/p>\n","protected":false},"author":1,"featured_media":0,"comment_status":"closed","ping_status":"closed","sticky":false,"template":"","format":"standard","meta":{"two_page_speed":[],"footnotes":""},"categories":[7],"tags":[],"class_list":["post-2003","post","type-post","status-publish","format-standard","hentry","category-aktuelles"],"_links":{"self":[{"href":"http:\/\/naturfreunde-giengen.de\/index.php?rest_route=\/wp\/v2\/posts\/2003","targetHints":{"allow":["GET"]}}],"collection":[{"href":"http:\/\/naturfreunde-giengen.de\/index.php?rest_route=\/wp\/v2\/posts"}],"about":[{"href":"http:\/\/naturfreunde-giengen.de\/index.php?rest_route=\/wp\/v2\/types\/post"}],"author":[{"embeddable":true,"href":"http:\/\/naturfreunde-giengen.de\/index.php?rest_route=\/wp\/v2\/users\/1"}],"replies":[{"embeddable":true,"href":"http:\/\/naturfreunde-giengen.de\/index.php?rest_route=%2Fwp%2Fv2%2Fcomments&post=2003"}],"version-history":[{"count":1,"href":"http:\/\/naturfreunde-giengen.de\/index.php?rest_route=\/wp\/v2\/posts\/2003\/revisions"}],"predecessor-version":[{"id":2005,"href":"http:\/\/naturfreunde-giengen.de\/index.php?rest_route=\/wp\/v2\/posts\/2003\/revisions\/2005"}],"wp:attachment":[{"href":"http:\/\/naturfreunde-giengen.de\/index.php?rest_route=%2Fwp%2Fv2%2Fmedia&parent=2003"}],"wp:term":[{"taxonomy":"category","embeddable":true,"href":"http:\/\/naturfreunde-giengen.de\/index.php?rest_route=%2Fwp%2Fv2%2Fcategories&post=2003"},{"taxonomy":"post_tag","embeddable":true,"href":"http:\/\/naturfreunde-giengen.de\/index.php?rest_route=%2Fwp%2Fv2%2Ftags&post=2003"}],"curies":[{"name":"wp","href":"https:\/\/api.w.org\/{rel}","templated":true}]}}