{"id":1709,"date":"2022-10-27T16:36:46","date_gmt":"2022-10-27T14:36:46","guid":{"rendered":"http:\/\/naturfreunde-giengen.de\/?p=1709"},"modified":"2022-10-27T16:36:46","modified_gmt":"2022-10-27T14:36:46","slug":"wanderung-ins-pfannental","status":"publish","type":"post","link":"http:\/\/naturfreunde-giengen.de\/?p=1709","title":{"rendered":"Wanderung ins Pfannental"},"content":{"rendered":"\n<p>Die NaturFreunde Giengen treffen sich \u00a0am Sonntag, 6. November um 13 Uhr am Realschulparkplatz in Giengen zur Bildung von Fahrgemeinschaften. Mit PKWs geht die Fahrt zum Viehof. Die Wanderung mit Wanderleiter Hans Mack geht vom Viehof durch das Pfannental zur Einkehr im Pfannentalhaus. Die Wegl\u00e4nge f\u00fcr diese Wanderung ohne besondere Schwierigkeiten betr\u00e4gt ca. 9 km, die Wanderzeit betr\u00e4gt etwa 2,5 Stunden.<\/p>\n","protected":false},"excerpt":{"rendered":"<p>Die NaturFreunde Giengen treffen sich \u00a0am Sonntag, 6. November um 13 Uhr am Realschulparkplatz in Giengen zur Bildung von Fahrgemeinschaften. Mit PKWs geht die Fahrt zum Viehof. Die Wanderung mit Wanderleiter Hans Mack geht vom Viehof durch das Pfannental zur Einkehr im Pfannentalhaus. Die Wegl\u00e4nge f\u00fcr diese Wanderung ohne besondere Schwierigkeiten betr\u00e4gt ca. 9 km,&#8230;&nbsp;(<a href=\"http:\/\/naturfreunde-giengen.de\/?p=1709\">weiterlesen<\/a>)<\/p>\n","protected":false},"author":1,"featured_media":0,"comment_status":"closed","ping_status":"closed","sticky":false,"template":"","format":"standard","meta":{"two_page_speed":[],"footnotes":""},"categories":[7],"tags":[],"class_list":["post-1709","post","type-post","status-publish","format-standard","hentry","category-aktuelles"],"_links":{"self":[{"href":"http:\/\/naturfreunde-giengen.de\/index.php?rest_route=\/wp\/v2\/posts\/1709","targetHints":{"allow":["GET"]}}],"collection":[{"href":"http:\/\/naturfreunde-giengen.de\/index.php?rest_route=\/wp\/v2\/posts"}],"about":[{"href":"http:\/\/naturfreunde-giengen.de\/index.php?rest_route=\/wp\/v2\/types\/post"}],"author":[{"embeddable":true,"href":"http:\/\/naturfreunde-giengen.de\/index.php?rest_route=\/wp\/v2\/users\/1"}],"replies":[{"embeddable":true,"href":"http:\/\/naturfreunde-giengen.de\/index.php?rest_route=%2Fwp%2Fv2%2Fcomments&post=1709"}],"version-history":[{"count":1,"href":"http:\/\/naturfreunde-giengen.de\/index.php?rest_route=\/wp\/v2\/posts\/1709\/revisions"}],"predecessor-version":[{"id":1710,"href":"http:\/\/naturfreunde-giengen.de\/index.php?rest_route=\/wp\/v2\/posts\/1709\/revisions\/1710"}],"wp:attachment":[{"href":"http:\/\/naturfreunde-giengen.de\/index.php?rest_route=%2Fwp%2Fv2%2Fmedia&parent=1709"}],"wp:term":[{"taxonomy":"category","embeddable":true,"href":"http:\/\/naturfreunde-giengen.de\/index.php?rest_route=%2Fwp%2Fv2%2Fcategories&post=1709"},{"taxonomy":"post_tag","embeddable":true,"href":"http:\/\/naturfreunde-giengen.de\/index.php?rest_route=%2Fwp%2Fv2%2Ftags&post=1709"}],"curies":[{"name":"wp","href":"https:\/\/api.w.org\/{rel}","templated":true}]}}