{"id":1607,"date":"2022-05-07T17:22:35","date_gmt":"2022-05-07T15:22:35","guid":{"rendered":"http:\/\/naturfreunde-giengen.de\/?p=1607"},"modified":"2022-05-07T17:22:35","modified_gmt":"2022-05-07T15:22:35","slug":"auswirkungen-der-klimaveraenderung-und-klimagerechtigkeit","status":"publish","type":"post","link":"http:\/\/naturfreunde-giengen.de\/?p=1607","title":{"rendered":",,Auswirkungen der Klimaver\u00e4nderung und Klimagerechtigkeit&#8220;"},"content":{"rendered":"\n<p class=\"has-background\" style=\"background-color:#c9c9c9\">Die NaturFreunde Ulm laden zu einem Vortrag am Montag, 16. Mai um 20 Uhr ins Stadthaus Ulm ein. Michael M\u00fcller, ehem. Staatssekret\u00e4r im Umweltministerium, Vorsitzender der NaturFreunde Deutschlands und fr\u00fchzeitiger Mahner der Klimakatastrophe spricht\u00a0zum Thema ,,Auswirkungen der Klimaver\u00e4nderung und Klimagerechtigkeit&#8220;.\u00a0 Nach dem Vortrag gibt es Gelegenheit mit Michael M\u00fcller \u00fcber das Thema und die aktuelle Lage zu diskutieren. Die NaturFreunde Giengen treffen sich am 19:00 Uhr auf dem Realschulparkplatz zur Bildung von Fahrgemeinschaften.<\/p>\n","protected":false},"excerpt":{"rendered":"<p>Die NaturFreunde Ulm laden zu einem Vortrag am Montag, 16. Mai um 20 Uhr ins Stadthaus Ulm ein. Michael M\u00fcller, ehem. Staatssekret\u00e4r im Umweltministerium, Vorsitzender der NaturFreunde Deutschlands und fr\u00fchzeitiger Mahner der Klimakatastrophe spricht\u00a0zum Thema ,,Auswirkungen der Klimaver\u00e4nderung und Klimagerechtigkeit&#8220;.\u00a0 Nach dem Vortrag gibt es Gelegenheit mit Michael M\u00fcller \u00fcber das Thema und die aktuelle&#8230;&nbsp;(<a href=\"http:\/\/naturfreunde-giengen.de\/?p=1607\">weiterlesen<\/a>)<\/p>\n","protected":false},"author":1,"featured_media":0,"comment_status":"closed","ping_status":"closed","sticky":false,"template":"","format":"standard","meta":{"two_page_speed":[],"footnotes":""},"categories":[7],"tags":[],"class_list":["post-1607","post","type-post","status-publish","format-standard","hentry","category-aktuelles"],"_links":{"self":[{"href":"http:\/\/naturfreunde-giengen.de\/index.php?rest_route=\/wp\/v2\/posts\/1607","targetHints":{"allow":["GET"]}}],"collection":[{"href":"http:\/\/naturfreunde-giengen.de\/index.php?rest_route=\/wp\/v2\/posts"}],"about":[{"href":"http:\/\/naturfreunde-giengen.de\/index.php?rest_route=\/wp\/v2\/types\/post"}],"author":[{"embeddable":true,"href":"http:\/\/naturfreunde-giengen.de\/index.php?rest_route=\/wp\/v2\/users\/1"}],"replies":[{"embeddable":true,"href":"http:\/\/naturfreunde-giengen.de\/index.php?rest_route=%2Fwp%2Fv2%2Fcomments&post=1607"}],"version-history":[{"count":1,"href":"http:\/\/naturfreunde-giengen.de\/index.php?rest_route=\/wp\/v2\/posts\/1607\/revisions"}],"predecessor-version":[{"id":1608,"href":"http:\/\/naturfreunde-giengen.de\/index.php?rest_route=\/wp\/v2\/posts\/1607\/revisions\/1608"}],"wp:attachment":[{"href":"http:\/\/naturfreunde-giengen.de\/index.php?rest_route=%2Fwp%2Fv2%2Fmedia&parent=1607"}],"wp:term":[{"taxonomy":"category","embeddable":true,"href":"http:\/\/naturfreunde-giengen.de\/index.php?rest_route=%2Fwp%2Fv2%2Fcategories&post=1607"},{"taxonomy":"post_tag","embeddable":true,"href":"http:\/\/naturfreunde-giengen.de\/index.php?rest_route=%2Fwp%2Fv2%2Ftags&post=1607"}],"curies":[{"name":"wp","href":"https:\/\/api.w.org\/{rel}","templated":true}]}}